{"id":199,"date":"2021-04-18T15:07:12","date_gmt":"2021-04-18T15:07:12","guid":{"rendered":"http:\/\/pptenerife.es\/?p=199"},"modified":"2021-04-18T15:36:57","modified_gmt":"2021-04-18T15:36:57","slug":"comite-ejecutivo-insular","status":"publish","type":"post","link":"http:\/\/pptenerife.es\/?p=199","title":{"rendered":"Comit\u00e9 Ejecutivo Insular"},"content":{"rendered":"<p><strong>VOCALES  ELECTOS CEI<\/strong><\/p>\n<li>JOSE CARLOS ACHA DOMINGUEZ<\/li>\n<li>LILIA ALONSO<\/li>\n<li>BELEN BALFAGON SANTOLARIA<\/li>\n<li>EVA COLOGAN RUIZ BENITEZ DE LUGO<\/li>\n<li>DAVID CREGO CHAVEZ<\/li>\n<li>TAMARA DEL PINO ENCINOSO<\/li>\n<li>MANUEL FERNANDEZ VEGA<\/li>\n<li>AGUEDA FUMERO ROQUE<\/li>\n<li>LEOPOLDO GARC\u00cdA HERN\u00c1NDEZ<\/li>\n<li>MARCOS JOSE GONZ\u00c1LEZ ALONSO<\/li>\n<li>MARTINA GONZ\u00c1LEZ DE LEON<\/li>\n<li>PEDRO ANGEL GONZ\u00c1LEZ DELGADO<\/li>\n<li>ADOLFO GONZ\u00c1LEZ P\u00c9REZ SIVERIO<\/li>\n<li>CARLA GUERRERO G\u00d3MEZ<\/li>\n<li>ROBERTO REAL GONZ\u00c1LEZ<\/li>\n<li>MAR\u00cdA AUXILIADORA MARRERO \u00c1LVAREZ<\/li>\n<li>YOLANDA MOLINE<\/li>\n<li>EMILIO JOSE NAVARRO CASTANEDO<\/li>\n<li>MAR\u00cdA FRANCISCA P\u00c9REZ MARTIN<\/li>\n<li>FRANCISCO ROSARIO DELGADO<\/li>\n<li>CARLOS TARIFE HERN\u00c1NDEZ<\/li>\n<li>MARTA VELA SANCHEZ<\/li>\n<p><strong>VOCALES DE LIBRE DESIGNACI\u00d3N<\/strong><\/p>\n<li>Jorge Ojeda Deurvan<\/li>\n<li>Rub\u00e9n Sosa Gonz\u00e1lez<\/li>\n<p>\t\u00a0<br \/>\n\u00a0<\/p>\n","protected":false},"excerpt":{"rendered":"<p>VOCALES ELECTOS CEI JOSE CARLOS ACHA DOMINGUEZ LILIA ALONSO BELEN BALFAGON SANTOLARIA EVA COLOGAN RUIZ BENITEZ DE LUGO DAVID CREGO CHAVEZ TAMARA DEL PINO ENCINOSO MANUEL FERNANDEZ VEGA AGUEDA FUMERO ROQUE LEOPOLDO GARC\u00cdA HERN\u00c1NDEZ MARCOS JOSE GONZ\u00c1LEZ ALONSO MARTINA GONZ\u00c1LEZ DE LEON PEDRO ANGEL GONZ\u00c1LEZ DELGADO ADOLFO GONZ\u00c1LEZ P\u00c9REZ SIVERIO CARLA GUERRERO G\u00d3MEZ ROBERTO REAL &hellip; <\/p>\n","protected":false},"author":1,"featured_media":0,"comment_status":"closed","ping_status":"closed","sticky":false,"template":"","format":"standard","meta":{"footnotes":""},"categories":[1],"tags":[],"class_list":["post-199","post","type-post","status-publish","format-standard","hentry","category-populares-de-tenerife"],"_links":{"self":[{"href":"http:\/\/pptenerife.es\/index.php?rest_route=\/wp\/v2\/posts\/199"}],"collection":[{"href":"http:\/\/pptenerife.es\/index.php?rest_route=\/wp\/v2\/posts"}],"about":[{"href":"http:\/\/pptenerife.es\/index.php?rest_route=\/wp\/v2\/types\/post"}],"author":[{"embeddable":true,"href":"http:\/\/pptenerife.es\/index.php?rest_route=\/wp\/v2\/users\/1"}],"replies":[{"embeddable":true,"href":"http:\/\/pptenerife.es\/index.php?rest_route=%2Fwp%2Fv2%2Fcomments&post=199"}],"version-history":[{"count":3,"href":"http:\/\/pptenerife.es\/index.php?rest_route=\/wp\/v2\/posts\/199\/revisions"}],"predecessor-version":[{"id":234,"href":"http:\/\/pptenerife.es\/index.php?rest_route=\/wp\/v2\/posts\/199\/revisions\/234"}],"wp:attachment":[{"href":"http:\/\/pptenerife.es\/index.php?rest_route=%2Fwp%2Fv2%2Fmedia&parent=199"}],"wp:term":[{"taxonomy":"category","embeddable":true,"href":"http:\/\/pptenerife.es\/index.php?rest_route=%2Fwp%2Fv2%2Fcategories&post=199"},{"taxonomy":"post_tag","embeddable":true,"href":"http:\/\/pptenerife.es\/index.php?rest_route=%2Fwp%2Fv2%2Ftags&post=199"}],"curies":[{"name":"wp","href":"https:\/\/api.w.org\/{rel}","templated":true}]}}